{"id":11353,"__str__":"Mo\u00e7\u00e3o n\u00ba 7 de 2019 | Proposi\u00e7\u00e3o inclusa na Ordem do Dia | 15/07/2019","link_detail_backend":"/materia/tramitacao/11353","metadata":{},"timestamp":"2019-07-15T13:50:26.329588-03:00","data_tramitacao":"2019-07-15","data_encaminhamento":"2019-07-15","urgente":true,"turno":"A","texto":"proposi\u00e7\u00e3o inclusa na ordem do dia em regime de urg\u00eancia convocado pelo presidente.","data_fim_prazo":null,"ip":"187.53.17.210","ultima_edicao":null,"status":3,"materia":1870,"unidade_tramitacao_local":8,"unidade_tramitacao_destino":12,"user":34}