{"id":19932,"__str__":"Indica\u00e7\u00e3o n\u00ba 14 de 2023 | Proposi\u00e7\u00e3o inclusa na Ordem do Dia | 06/02/2023","link_detail_backend":"/materia/tramitacao/19932","metadata":{},"timestamp":"2023-02-06T09:49:16.857287-03:00","data_tramitacao":"2023-02-06","data_encaminhamento":"2023-02-06","urgente":false,"turno":"U","texto":"Proposi\u00e7\u00e3o inclusa na ordem do dia para leitura, discuss\u00e3o e vota\u00e7\u00e3o \u00fanica.","data_fim_prazo":null,"ip":"138.36.87.126","ultima_edicao":"2023-02-06T09:49:16.480668-03:00","status":3,"materia":3222,"unidade_tramitacao_local":8,"unidade_tramitacao_destino":12,"user":34}