{"id":22406,"__str__":"Parecer da CFO. n\u00ba 28 de 2023 | Proposi\u00e7\u00e3o inclusa na Ordem do Dia | 15/08/2023","link_detail_backend":"/materia/tramitacao/22406","metadata":{},"timestamp":"2023-08-15T08:35:43.880156-03:00","data_tramitacao":"2023-08-15","data_encaminhamento":"2023-08-15","urgente":true,"turno":"S","texto":"projeto de lei complementar incluso na ordem do dia para segunda discuss\u00e3o vota\u00e7\u00e3o em vota\u00e7\u00e3o em sess\u00e3o extraordin\u00e1ria.","data_fim_prazo":null,"ip":"138.36.87.126","ultima_edicao":"2023-08-15T08:34:56.186770-03:00","status":3,"materia":3870,"unidade_tramitacao_local":8,"unidade_tramitacao_destino":12,"user":34}