{"id":26985,"__str__":"Projeto de Resolu\u00e7\u00e3o n\u00ba 1 de 2025 | Proposi\u00e7\u00e3o inclusa na Ordem do Dia | 11/02/2025","link_detail_backend":"/materia/tramitacao/26985","metadata":{},"timestamp":"2025-02-11T08:29:27.547866-03:00","data_tramitacao":"2025-02-11","data_encaminhamento":"2025-02-11","urgente":true,"turno":"A","texto":"Projeto incluso na ordem do dia juntamente com emenda apresentada pela vereadora Lu\u00edza para aprecia\u00e7\u00e3o e vota\u00e7\u00e3o em sess\u00e3o plen\u00e1ria extraordin\u00e1ria","data_fim_prazo":null,"ip":"138.36.87.126","ultima_edicao":"2025-02-11T08:28:31.699277-03:00","status":3,"materia":4624,"unidade_tramitacao_local":8,"unidade_tramitacao_destino":12,"user":37}