{"id":9234,"__str__":"Emenda a proposi\u00e7\u00e3o n\u00ba 2 de 2018 | Proposi\u00e7\u00e3o apresentada em Plen\u00e1rio | 25/06/2018","link_detail_backend":"/materia/tramitacao/9234","metadata":{},"timestamp":"2018-10-11T12:19:32.706672-03:00","data_tramitacao":"2018-06-25","data_encaminhamento":"2018-06-25","urgente":true,"turno":"","texto":"proposi\u00e7\u00e3o inclusa na leitura do expediente","data_fim_prazo":null,"ip":"","ultima_edicao":null,"status":28,"materia":1560,"unidade_tramitacao_local":8,"unidade_tramitacao_destino":12,"user":null}