{"id":1028,"__str__":"PCDIA N\u00ba 083/2017 - Presta\u00e7\u00e3o Contas Di\u00e1rias","link_detail_backend":"/docadm/1028","metadata":{},"numero":83,"complemento":"","ano":2017,"data":"2018-04-06","interessado":"vereador - Aelcio Moreira de Oliveira","dias_prazo":null,"data_fim_prazo":null,"tramitacao":false,"assunto":"PRESTA\u00c7\u00c3O DE CONTAS REQUERIMENTO DI\u00c1RIA 83/2017 DO VEREADOR AELCIO","numero_externo":null,"observacao":"","texto_integral":"http://sapl.juina.mt.leg.br/media/sapl/private/documentoadministrativo/1028/1028_texto_integral.pdf","restrito":false,"ip":"","ultima_edicao":null,"tipo":9,"protocolo":null,"autor":null,"user":null,"anexados":[],"materiasvinculadas":[]}