{"id":268,"__str__":"REQD. N\u00ba 026/2016 - Requerimento de Di\u00e1ria ","link_detail_backend":"/docadm/268","metadata":{},"numero":26,"complemento":"","ano":2016,"data":"2016-05-03","interessado":"vereador - Valdemar Teixeira de Farias","dias_prazo":2,"data_fim_prazo":"2016-05-11","tramitacao":false,"assunto":"REQUER A MESA A LIBERA\u00c7\u00c3O DE DUAS (2) DI\u00c1RIAS, PARA DESLOCAMENTO URBANO, ALIMENTA\u00c7\u00c3O E ESTADIA EM CUIAB\u00c1 - MT, NO PER\u00cdODO DE 10 A 11 DE MAIO DE 2016, AONDE CUMPRIRA AGENDA DE REUNI\u00c3O, CONFORME SEGUE:\r\n&#8226;\tNA DEFENSORIA PUBLICA / QUEST\u00d5ES FUNDI\u00c1RIAS; \r\n&#8226;\tNO INTERMAT; \r\n&#8226;\tNA ASSEMBLEIA LEGISLATIVA;\r\n&#8226;\tNO MT FOMENTO / SETAS;\r\n&#8226;\tNO INCRA; E,\r\n&#8226;\tNA CONAB/MT.\r\n","numero_externo":null,"observacao":"","texto_integral":"http://sapl.juina.mt.leg.br/media/sapl/private/documentoadministrativo/268/268_texto_integral.pdf","restrito":false,"ip":"","ultima_edicao":null,"tipo":7,"protocolo":869,"autor":null,"user":null,"anexados":[],"materiasvinculadas":[]}