{"id":2957,"__str__":"R-VI N\u00ba 012/2022 - Relat\u00f3rio Verba Indenizat\u00f3ria","link_detail_backend":"/docadm/2957","metadata":{},"numero":12,"complemento":"","ano":2022,"data":"2022-06-29","interessado":"ZULMAR CURZEL","dias_prazo":null,"data_fim_prazo":null,"tramitacao":false,"assunto":"RELAT\u00d3RIO VERBA INDENIZAT\u00d3RIA-M\u00caS DE JUNHO-GLEYNEI FERREIRA GRIZ","numero_externo":null,"observacao":"","texto_integral":"http://sapl.juina.mt.leg.br/media/sapl/private/documentoadministrativo/2957/relatorio_verba_indenizatoria-mes_de_junho-gleynei_ferreira_gri.pdf","restrito":false,"ip":"138.36.87.126","ultima_edicao":"2022-06-29T11:16:34.899347-03:00","tipo":14,"protocolo":6260,"autor":null,"user":36,"anexados":[],"materiasvinculadas":[]}