{"id":3006,"__str__":"R-VI N\u00ba 017/2022 - Relat\u00f3rio Verba Indenizat\u00f3ria","link_detail_backend":"/docadm/3006","metadata":{},"numero":17,"complemento":"","ano":2022,"data":"2022-07-26","interessado":"ZULMAR CURZEL","dias_prazo":null,"data_fim_prazo":null,"tramitacao":false,"assunto":"RELAT\u00d3RIO VERBA INDENIZAT\u00d3RIA-M\u00caS DE JULHO-FABIANO AUR\u00c9LIO RIBEIRO","numero_externo":null,"observacao":"","texto_integral":"http://sapl.juina.mt.leg.br/media/sapl/private/documentoadministrativo/3006/relatorio_verba_indenizatoria-mes_de_julho-fabiano_aurelio_ribe.pdf","restrito":false,"ip":"138.36.87.126","ultima_edicao":"2022-07-26T12:59:33.103281-03:00","tipo":14,"protocolo":6339,"autor":null,"user":36,"anexados":[],"materiasvinculadas":[]}