{"id":3442,"__str__":"R-VI N\u00ba 012/2023 - Relat\u00f3rio Verba Indenizat\u00f3ria","link_detail_backend":"/docadm/3442","metadata":{},"numero":12,"complemento":"","ano":2023,"data":"2023-01-27","interessado":"ZULMAR CURZEL","dias_prazo":null,"data_fim_prazo":null,"tramitacao":false,"assunto":"RELAT\u00d3RIO VERBA INDENIZAT\u00d3RIA-M\u00caS DE JANEIRO- ZULMAR CURZEL","numero_externo":null,"observacao":"","texto_integral":"http://sapl.juina.mt.leg.br/media/sapl/private/documentoadministrativo/3442/zulmar.pdf","restrito":false,"ip":"138.36.87.126","ultima_edicao":"2023-01-27T12:50:06.919728-03:00","tipo":14,"protocolo":6962,"autor":null,"user":34,"anexados":[],"materiasvinculadas":[]}