{"id":3507,"__str__":"R-VI N\u00ba 021/2023 - Relat\u00f3rio Verba Indenizat\u00f3ria","link_detail_backend":"/docadm/3507","metadata":{},"numero":21,"complemento":"","ano":2023,"data":"2023-02-27","interessado":"FABIANO AUR\u00c9LIO RIBEIRO","dias_prazo":null,"data_fim_prazo":null,"tramitacao":false,"assunto":"RELAT\u00d3RIO VERBA INDENIZAT\u00d3RIA-M\u00caS DE FEVEREIRO-VANDERLEI MONTEIRO","numero_externo":null,"observacao":"","texto_integral":"http://sapl.juina.mt.leg.br/media/sapl/private/documentoadministrativo/3507/relatorio_verba_indenizatoria-mes_de_fevereiro-vanderlei_montei.pdf","restrito":false,"ip":"138.36.87.126","ultima_edicao":"2023-02-27T11:02:19.965771-03:00","tipo":14,"protocolo":7093,"autor":null,"user":36,"anexados":[],"materiasvinculadas":[]}