{"id":3664,"__str__":"R-VI N\u00ba 053/2023 - Relat\u00f3rio Verba Indenizat\u00f3ria","link_detail_backend":"/docadm/3664","metadata":{},"numero":53,"complemento":"","ano":2023,"data":"2023-04-26","interessado":"FABIANO AUR\u00c9LIO RIBEIRO","dias_prazo":null,"data_fim_prazo":null,"tramitacao":false,"assunto":"RELAT\u00d3RIO VERBA INDENIZAT\u00d3RIA- M\u00caS DE ABRIL- SANDRO CANDIDO DA SILVA","numero_externo":null,"observacao":"","texto_integral":"http://sapl.juina.mt.leg.br/media/sapl/private/documentoadministrativo/3664/relatorio_verba_indenizatoria-_mes_de_abril-_sandro_candido.pdf","restrito":false,"ip":"138.36.87.126","ultima_edicao":"2023-04-26T12:04:53.227721-03:00","tipo":14,"protocolo":7430,"autor":null,"user":36,"anexados":[],"materiasvinculadas":[]}