{"id":4067,"__str__":"OFC N\u00ba 297/2023 - Oficio","link_detail_backend":"/docadm/4067","metadata":{},"numero":297,"complemento":"","ano":2023,"data":"2023-06-07","interessado":"Ronicleiton Santana - Vereador","dias_prazo":null,"data_fim_prazo":null,"tramitacao":false,"assunto":"Of\u00edcio n\u00ba 83/2023 datado de 7 de junho de 2023 da senhora Sirlei C\u00e2ndida \u2013 Diretora Geral do DAES. Assunto: resposta a indica\u00e7\u00e3o n\u00ba 164/2023 de autoria do vereador Ronicleiton informando que a expans\u00e3o de rede de \u00e1gua na Rua Projetada do Setor Industrial, depende da regulariza\u00e7\u00e3o documental im\u00f3veis da localidade.","numero_externo":null,"observacao":"","texto_integral":"http://sapl.juina.mt.leg.br/media/sapl/private/documentoadministrativo/4067/oficio_no083-2023-daes.pdf","restrito":false,"ip":"138.36.87.126","ultima_edicao":"2023-06-09T08:18:24.808609-03:00","tipo":2,"protocolo":7683,"autor":null,"user":34,"anexados":[],"materiasvinculadas":[3672]}