{"id":4181,"__str__":"OFC N\u00ba 351/2023 - Oficio","link_detail_backend":"/docadm/4181","metadata":{},"numero":351,"complemento":"","ano":2023,"data":"2023-06-27","interessado":"Sandro C\u00e2ndido da Silva - vereador","dias_prazo":null,"data_fim_prazo":null,"tramitacao":false,"assunto":"Of\u00edcio n\u00ba 439/SMEC/JUINA/2023, datado de 27 de junho de 2023 do senhor Ericson Leandro de Oliveira \u2013 secret\u00e1rio municipal de educa\u00e7\u00e3o e cultura.\r\nAssunto: resposta a indica\u00e7\u00e3o n\u00ba 219/2023 de autoria do vereador Sandro e Jurandir, informando que a secretaria adquiriu telas milim\u00e9tricas para instala\u00e7\u00e3o em janelas e portas na central de distribui\u00e7\u00e3o de merenda escolar a fim de promover maior higiene; adquiriu paletes de pl\u00e1stico para armazenamento dos alimentos e realizou a limpeza dos equipamentos de ar condicionado para melhorar a climatiza\u00e7\u00e3o do ambiente.","numero_externo":null,"observacao":"","texto_integral":"http://sapl.juina.mt.leg.br/media/sapl/private/documentoadministrativo/4181/oficio_no439-smec-juina-2023.pdf","restrito":false,"ip":"138.36.87.126","ultima_edicao":"2023-06-27T11:45:22.068190-03:00","tipo":2,"protocolo":7825,"autor":null,"user":34,"anexados":[],"materiasvinculadas":[3740]}