{"id":4395,"__str__":"OFC N\u00ba 454/2023 - Oficio","link_detail_backend":"/docadm/4395","metadata":{},"numero":454,"complemento":"","ano":2023,"data":"2023-08-15","interessado":"Paulo Augusto Veronese - Prefeito","dias_prazo":null,"data_fim_prazo":null,"tramitacao":false,"assunto":"Of\u00edcio n\u00ba 243/2023/ASS.LEG/CMJ datado de 15 de agosto de 2023 com as proposi\u00e7\u00f5es: Indica\u00e7\u00f5es n\u00ba 283, 284,  285, 286, 287, 288, 289, 290, 291, 292, 293, 294, 295, 296, 297, 298, 299, 300/2023 e Requerimentos Simples n\u00ba 36, 37 e 38/2023, aprovadas na sess\u00e3o plen\u00e1ria ordin\u00e1ria do dia 14 de agosto, para conhecimento e provid\u00eancias. Projeto de Lei Complementar n\u00ba 12/2023 para san\u00e7\u00e3o ou veto","numero_externo":null,"observacao":"","texto_integral":"http://sapl.juina.mt.leg.br/media/sapl/private/documentoadministrativo/4395/243_ass._leg..pdf","restrito":false,"ip":"138.36.87.126","ultima_edicao":"2023-08-16T08:41:47.818219-03:00","tipo":2,"protocolo":8056,"autor":53,"user":34,"anexados":[],"materiasvinculadas":[3796,3867,3868,3876,3857,3858,3859,3860,3861,3862,3863,3864,3865,3866,3869,3871,3872,3873,3874,3875,3877,3878]}