{"id":4433,"__str__":"OFC N\u00ba 474/2023 - Oficio","link_detail_backend":"/docadm/4433","metadata":{},"numero":474,"complemento":"","ano":2023,"data":"2023-08-28","interessado":"vereador Aelcio Moreira","dias_prazo":null,"data_fim_prazo":null,"tramitacao":false,"assunto":"\u2022\tOficio n\u00ba 415/PMJ/SMS/GAB/2023 datado de 21 de agosto de 2023 da senhora Marcela Am\u00e9rico \u2013 secret\u00e1ria municipal de sa\u00fade.\r\nAssunto: Resposta a indica\u00e7\u00f5es: indica\u00e7\u00e3o n\u00ba 284/2023 de autoria do vereador Aelcio informando que a solicita\u00e7\u00e3o j\u00e1 estava prevista no preg\u00e3o n\u00ba 30/2023 aberto dia 1\u00ba de agosto de 2023; indica\u00e7\u00e3o n\u00ba 293/2023 de autoria do Aelcio comunicando que j\u00e1 foram providenciadas a\u00e7\u00f5es para reabertura da segunda ala do centro cir\u00fargico e, j\u00e1 est\u00e1 em fase da contrata\u00e7\u00e3o de profissionais.","numero_externo":null,"observacao":"","texto_integral":"http://sapl.juina.mt.leg.br/media/sapl/private/documentoadministrativo/4433/293resposta.pdf","restrito":false,"ip":"138.36.87.126","ultima_edicao":"2023-08-28T10:55:15.569984-03:00","tipo":2,"protocolo":8106,"autor":null,"user":34,"anexados":[],"materiasvinculadas":[3858,3869]}