{"id":4499,"__str__":"OFC N\u00ba 510/2023 - Oficio","link_detail_backend":"/docadm/4499","metadata":{},"numero":510,"complemento":"","ano":2023,"data":"2023-09-05","interessado":"Aelcio Moreira de Oliveira - Vereador","dias_prazo":null,"data_fim_prazo":null,"tramitacao":false,"assunto":"oficio n\u00ba 13414/2023/UMIC/SEDUC datado de 25 de agosto de 2023 do senhor Alan Resende Porto - secret\u00e1rio de estado de educa\u00e7\u00e3o. Assunto: resposta a indica\u00e7\u00e3o n\u00ba 269/2023 do vereador Aelcio e outros com manifesta\u00e7\u00e3o t\u00e9cnica da unidade de microplanejamento com parecer favor\u00e1vel a solicita\u00e7\u00e3o da constru\u00e7\u00e3o de novo pr\u00e9dio para a Escola Padre Jose de Anchieta.","numero_externo":null,"observacao":"","texto_integral":"http://sapl.juina.mt.leg.br/media/sapl/private/documentoadministrativo/4499/269_resposta.pdf","restrito":false,"ip":"138.36.87.126","ultima_edicao":"2023-09-05T09:07:17.918531-03:00","tipo":2,"protocolo":8179,"autor":null,"user":34,"anexados":[],"materiasvinculadas":[3834]}