{"id":4508,"__str__":"OFC N\u00ba 517/2023 - Oficio","link_detail_backend":"/docadm/4508","metadata":{},"numero":517,"complemento":"","ano":2023,"data":"2023-09-06","interessado":"vereadores: Aelcio, Luiza e Sandro","dias_prazo":null,"data_fim_prazo":null,"tramitacao":false,"assunto":"Oficio n\u00ba 434/PMJ/SMS/GAB/2023 datado de 28 de agosto de 2023 da senhora Marcela Am\u00e9rico - secret\u00e1ria municipal de sa\u00fade. Assunto: resposta as proposi\u00e7\u00f5es: indica\u00e7\u00e3o n\u00ba 302 do vereador Aelcio informando que j\u00e1 foram realizados preg\u00f5es para suprir a demanda; Indica\u00e7\u00e3o n\u00ba 303 do vereador Aelcio informando que a solicita\u00e7\u00e3o ser\u00e1 avaliada pela equipe t\u00e9cnica \"SOS Sa\u00fade\"; indica\u00e7\u00e3o n\u00ba 304 da vereadora Luiza e Indica\u00e7\u00e3o n\u00ba 310 do vereador Sandro, solicitando mais prazo para resposta do solicitado.","numero_externo":null,"observacao":"","texto_integral":"http://sapl.juina.mt.leg.br/media/sapl/private/documentoadministrativo/4508/310_resposta.pdf","restrito":false,"ip":"138.36.87.126","ultima_edicao":"2023-09-06T10:28:41.898383-03:00","tipo":2,"protocolo":8187,"autor":null,"user":34,"anexados":[],"materiasvinculadas":[3882,3883,3893,3891]}