{"id":4625,"__str__":"OFC N\u00ba 582/2023 - Oficio","link_detail_backend":"/docadm/4625","metadata":{},"numero":582,"complemento":"","ano":2023,"data":"2023-10-04","interessado":"Aelcio Moreira de Oliveira - Vereador","dias_prazo":null,"data_fim_prazo":null,"tramitacao":false,"assunto":"\u2022\tOf\u00edcio n\u00ba 505/PMJ/SMS/GAB/2023, datado de 2 de outubro de 2023 da senhora Marcela Am\u00e9rico - secret\u00e1ria municipal de sa\u00fade. \r\nAssunto: resposta a indica\u00e7\u00e3o n\u00ba 333/2023 do vereador Aelcio, informando que o Hospital disponibiliza cadeiras de rodas aos pacientes e o uso de muletas n\u00e3o \u00e9 permitido dentro da unidade.","numero_externo":null,"observacao":"","texto_integral":"http://sapl.juina.mt.leg.br/media/sapl/private/documentoadministrativo/4625/333_resposta_2.pdf","restrito":false,"ip":"138.36.87.126","ultima_edicao":"2023-10-04T09:20:03.821500-03:00","tipo":2,"protocolo":8335,"autor":null,"user":34,"anexados":[],"materiasvinculadas":[3930]}