{"id":4793,"__str__":"OFC N\u00ba 679/2023 - Oficio","link_detail_backend":"/docadm/4793","metadata":{},"numero":679,"complemento":"","ano":2023,"data":"2023-11-14","interessado":"Coronel Assis - deputado federal","dias_prazo":null,"data_fim_prazo":null,"tramitacao":false,"assunto":"OF\u00cdCIO N.\u00ba 368/2023/ASS.LEG/CMJ com indica\u00e7\u00e3o n\u00ba 421/2023 aprovada na sess\u00e3o plen\u00e1ria do dia 13 de novembro, para conhecimento e provid\u00eancias.","numero_externo":null,"observacao":"","texto_integral":"http://sapl.juina.mt.leg.br/media/sapl/private/documentoadministrativo/4793/368_ass._leg..pdf","restrito":false,"ip":"138.36.87.126","ultima_edicao":"2023-11-14T11:24:48.646551-03:00","tipo":2,"protocolo":8540,"autor":53,"user":34,"anexados":[],"materiasvinculadas":[4048]}