{"id":4888,"__str__":"OFC N\u00ba 717/2023 - Oficio","link_detail_backend":"/docadm/4888","metadata":{},"numero":717,"complemento":"","ano":2023,"data":"2023-12-07","interessado":"Vanderlei Monteiro (Delei) - vereador","dias_prazo":null,"data_fim_prazo":null,"tramitacao":false,"assunto":"Oficio n\u00ba 63/GAB.PRES/CMJ, de 5 de dezembro de 2023 do senhor Vanderlei Monteiro - vereador\r\nAssunto: justificativa da aus\u00eancia na sess\u00e3o plen\u00e1ria do dia 11 de dezembro pelo motivo de viagem a Bras\u00edlia para tratar de assuntos de interesse da municipalidade.","numero_externo":null,"observacao":"","texto_integral":"http://sapl.juina.mt.leg.br/media/sapl/private/documentoadministrativo/4888/43_ausencia_delei.pdf","restrito":false,"ip":"138.36.87.126","ultima_edicao":"2023-12-07T08:46:01.269027-03:00","tipo":2,"protocolo":8642,"autor":49,"user":34,"anexados":[],"materiasvinculadas":[]}