{"id":5149,"__str__":"PCDIA N\u00ba 008/2024 - Presta\u00e7\u00e3o Contas Di\u00e1rias","link_detail_backend":"/docadm/5149","metadata":{},"numero":8,"complemento":"","ano":2024,"data":"2024-03-06","interessado":"Aelcio Moreira de Oliveira - Vereador","dias_prazo":null,"data_fim_prazo":null,"tramitacao":false,"assunto":"Relat\u00f3rio de viagem do Requerimento de Diarias n\u00ba 8/2024 do vereador Aelcio Moreira","numero_externo":null,"observacao":"","texto_integral":"http://sapl.juina.mt.leg.br/media/sapl/private/documentoadministrativo/5149/08...pdf","restrito":false,"ip":"138.36.87.126","ultima_edicao":"2024-03-06T08:14:24.333395-03:00","tipo":9,"protocolo":8926,"autor":38,"user":34,"anexados":[],"materiasvinculadas":[]}