{"id":6339,"__str__":"PORT N\u00ba 003/2025 - Portaria","link_detail_backend":"/docadm/6339","metadata":{},"numero":3,"complemento":"","ano":2025,"data":"2025-01-14","interessado":"servidores","dias_prazo":null,"data_fim_prazo":null,"tramitacao":false,"assunto":"Disp\u00f5e sobre a promo\u00e7\u00e3o funcional vertical dos servidores p\u00fablicos municipais relacionados.","numero_externo":null,"observacao":"Art. 1.\u00ba Fica declarada a promo\u00e7\u00e3o funcional vertical dos servidores abaixo relacionados, com o devido enquadramento nos respectivos n\u00edveis de carreira:\r\nI \u2013 Elio Duarte Gomes: n\u00edvel de carreira 22, classe \u201cE\u201d;\r\nII \u2013 Eliton de Jesus Pereira: n\u00edvel de carreira 21, classe \u201cE\u201d\r\nIII \u2013 Florice Em\u00eddio dos Santos: n\u00edvel de carreira 22, classe \u201cE\u201d\r\nIII \u2013 Pedro Bastos da Silva: n\u00edvel de carreira 22, classe \u201cC\u201d;\r\nIV \u2013 Solange Pereira da Rosa: n\u00edvel de carreira 19, classe \u201cC\u201d;\r\nV \u2013 Valcir Mioranza: n\u00edvel de carreira 22, classe \u201cB\u201d.\r\nPar\u00e1grafo \u00fanico. A promo\u00e7\u00e3o referida no caput dever\u00e1 ser encaminhada ao setor de Contabilidade e Recursos Humanos para as provid\u00eancias necess\u00e1rias, observando os valores dos vencimentos constantes na Lei Complementar n.\u00ba 2.121, de 16 de fevereiro de 2024, que regulamenta a revis\u00e3o geral anual dos vencimentos, subs\u00eddios, vantagens e gratifica\u00e7\u00f5es dos servidores efetivos e comissionados.","texto_integral":"http://sapl.juina.mt.leg.br/media/sapl/private/documentoadministrativo/6339/03.pdf","restrito":false,"ip":"138.36.87.126","ultima_edicao":"2025-01-14T11:01:00.844863-03:00","tipo":4,"protocolo":null,"autor":38,"user":34,"anexados":[5026],"materiasvinculadas":[]}