{"id":6564,"__str__":"OFC N\u00ba 107/2025 - Oficio","link_detail_backend":"/docadm/6564","metadata":{},"numero":107,"complemento":"","ano":2025,"data":"2025-02-27","interessado":"Irineu Locatelli - VEREADOR","dias_prazo":null,"data_fim_prazo":null,"tramitacao":false,"assunto":"Of\u00edcio n\u00ba 130/2025/SMAS de 27 de fevereiro de 2025 do Senhor Valteir Barreto Mariano, Secret\u00e1rio Municipal de Assist\u00eancia Social. Assunto: resposta a indica\u00e7\u00e3o n\u00ba 17/2025 do vereador Irineu Locatelli.","numero_externo":null,"observacao":"","texto_integral":"http://sapl.juina.mt.leg.br/media/sapl/private/documentoadministrativo/6564/ci._no130-2025-smas.pdf","restrito":false,"ip":"138.36.87.126","ultima_edicao":"2025-02-27T11:21:15.865906-03:00","tipo":2,"protocolo":10483,"autor":null,"user":34,"anexados":[],"materiasvinculadas":[4625]}