{"id":685,"__str__":"REQD. N\u00ba 040/2017 - Requerimento de Di\u00e1ria ","link_detail_backend":"/docadm/685","metadata":{},"numero":40,"complemento":"","ano":2017,"data":"2017-04-19","interessado":"vereador - Carlito Pereira da Rocha","dias_prazo":3,"data_fim_prazo":"2017-04-13","tramitacao":false,"assunto":"CARLITO PEREIRA DA ROCHA, VEREADOR COM ASSENTO NESTA CASA DE LEIS, CUMPRINDO O QUE DETERMINA O REGIMENTO INTERNO E O QUE DISP\u00d5E A LEI N.\u00ba 1.541/2014 DE 15/12/2014, ALTERADA PELA LEI 1601/2015 DE 09/10/2015, REQUER A MESA DIRETORA  A LIBERA\u00c7\u00c3O 03( TR\u00caS) DI\u00c1RIAS PARA CUSTEIO DE DESLOCAMENTO URBANO, HOSPEDAGEM E ALIMENTA\u00c7\u00c3O EM CUIAB\u00c1 NO PER\u00cdODO DE 10 A  13 DE ABRIL  PARA CUMPRIR AGENDA CONFORME SEGUE:\r\n\r\n&#61656;\tPARTICIPAR DE UM ENCONTRO NA UNDIME - UNI\u00c3O NACIONAL DOS DIRIGENTES MUNICIPAIS DE EDUCA\u00c7\u00c3O;\r\n&#61656;\tREUNI\u00c3O  NO INSTITUTO DE HIST\u00d3RIA E MEM\u00d3RIA DA ASSEMBLEIA LEGISLATIVA;\r\n&#61656;\tREUNI\u00c3O NA  SECRETARIA DE ESTADO DE EDUCA\u00c7\u00c3O;\r\n&#61656;\tREUNI\u00c3O NA SECRETARIA DE ESTADO DE CULTURA;\r\n&#61656;\tSEDE DA PREVID\u00caNCIA DO ESTADO DE MATO GROSSO;\r\n&#61656;\tCAPACITA\u00c7\u00c3O NA SEDE DA SECRETARIA DE ESTADO DE CULTURA &#8211; NA QUARTA E NA QUINTA-FEIRA.\r\n","numero_externo":null,"observacao":"","texto_integral":"http://sapl.juina.mt.leg.br/media/sapl/private/documentoadministrativo/685/685_texto_integral.pdf","restrito":false,"ip":"","ultima_edicao":null,"tipo":7,"protocolo":null,"autor":null,"user":null,"anexados":[],"materiasvinculadas":[]}