{"id":7032,"__str__":"OFC N\u00ba 293/2025 - Oficio","link_detail_backend":"/docadm/7032","metadata":{},"numero":293,"complemento":"","ano":2025,"data":"2025-05-19","interessado":"Aelcio e Vanderlei Churrasqueiro - vereadores","dias_prazo":null,"data_fim_prazo":null,"tramitacao":false,"assunto":"Of\u00edcio n\u00ba 119/SEPLAN/JUINA/2025 de 19 de maio de 2025 do senhor Robson Amorim Machado, Secret\u00e1ria Municipal de Planejamento. Assunto: resposta a indica\u00e7\u00e3o n\u00ba 168/2025 do vereador Aelcio e o vereador Vanderlei Churrasqueiro.","numero_externo":null,"observacao":"","texto_integral":"http://sapl.juina.mt.leg.br/media/sapl/private/documentoadministrativo/7032/oficio_no119-seplan-juina-2025.pdf","restrito":false,"ip":"24.152.30.95","ultima_edicao":"2025-05-19T12:28:14.778392-03:00","tipo":2,"protocolo":11001,"autor":null,"user":34,"anexados":[],"materiasvinculadas":[4860]}