{"id":761,"__str__":"REQD. N\u00ba 067/2017 - Requerimento de Di\u00e1ria ","link_detail_backend":"/docadm/761","metadata":{},"numero":67,"complemento":"","ano":2017,"data":"2017-06-16","interessado":"vereador Aelcio MOreira ","dias_prazo":3,"data_fim_prazo":"2017-06-23","tramitacao":false,"assunto":", REQUER A MESA DIRETORA A LIBERA\u00c7\u00c3O 03 (TR\u00caS ) DI\u00c1RIAS PARA CUSTEIO DE DESLOCAMENTO URBANO, HOSPEDAGEM E ALIMENTA\u00c7\u00c3O EM CUIAB\u00c1 DE 20 A 23  DE JUNHO  PARA CUMPRIR AGENDA CONFORME SEGUE:\r\n\r\n&#61692;\tASSEMBLEIA LEGISLATIVA &#8211; GABINETE SEBASTI\u00c3O RESENDE &#8211; SOBRE EMENDA PARLAMENTAR\r\n&#61692;\tESCRIT\u00d3RIO DE APOIO VICT\u00d3RIO GALLI &#8211; REFERENTE APOIO &#8211; DIA DO EVANG\u00c9LICO &#8211; MARCHA PRA JESUS,\r\n&#61692;\tSINFRA &#8211; MT 183\r\n&#61692;\tCASA CIVIL &#8211;  REFOR\u00c7AR O PEDIDO PROGRAMA CARAVANA DA TRANSFORMA\u00c7\u00c3O &#8211; LEVAR DEMANDAS CIRURGIAS DE CATARATA.\r\n\r\nSA\u00cdDA DE JU\u00cdNA DIA 20 DE JUNHO &#8211; TER\u00c7A-FEIRA &#8211; \u00c0S 20 HORAS \r\n","numero_externo":null,"observacao":"","texto_integral":"http://sapl.juina.mt.leg.br/media/sapl/private/documentoadministrativo/761/761_texto_integral.pdf","restrito":false,"ip":"","ultima_edicao":null,"tipo":7,"protocolo":null,"autor":null,"user":null,"anexados":[],"materiasvinculadas":[]}