{"id":7714,"__str__":"OFC N\u00ba 554/2025 - Oficio","link_detail_backend":"/docadm/7714","metadata":{},"numero":554,"complemento":"","ano":2025,"data":"2025-09-11","interessado":"Vitor e Aelcio - vereadores","dias_prazo":null,"data_fim_prazo":null,"tramitacao":false,"assunto":"Of\u00edcio n\u00ba 729/GAB/SME/Ju\u00edna/2025 de 9 de setembro de 2025 do Senhor Ericson Leandro de Oliveira, Secret\u00e1rio Municipal de Educa\u00e7\u00e3o e Cultura. Assunto: resposta a indica\u00e7\u00e3o n\u00ba 312/2025 dos vereadores Vitor e Aelcio.","numero_externo":null,"observacao":"","texto_integral":"http://sapl.juina.mt.leg.br/media/sapl/private/documentoadministrativo/7714/oficio_no729-gab-sme-juina-2025.pdf","restrito":false,"ip":"24.152.30.95","ultima_edicao":"2025-09-12T09:15:51.571180-03:00","tipo":2,"protocolo":11771,"autor":null,"user":34,"anexados":[],"materiasvinculadas":[5039]}