{"id":8373,"__str__":"R-VI N\u00ba 156/2025 - Relat\u00f3rio Verba Indenizat\u00f3ria","link_detail_backend":"/docadm/8373","metadata":{},"numero":156,"complemento":"","ano":2025,"data":"2025-12-18","interessado":"Vitor Gabriel - vereador","dias_prazo":null,"data_fim_prazo":null,"tramitacao":false,"assunto":"Presta\u00e7\u00e3o de contas de Verba Indenizat\u00f3ria referente ao m\u00eas de dezembro de 2025 do vereador Vitor Gabriel","numero_externo":null,"observacao":"","texto_integral":"http://sapl.juina.mt.leg.br/media/sapl/private/documentoadministrativo/8373/04_vitor.pdf","restrito":false,"ip":"24.152.30.95","ultima_edicao":"2025-12-19T11:16:28.741136-03:00","tipo":14,"protocolo":12427,"autor":66,"user":37,"anexados":[],"materiasvinculadas":[]}