{"id":8491,"__str__":"R-VI N\u00ba 006/2026 - Relat\u00f3rio Verba Indenizat\u00f3ria","link_detail_backend":"/docadm/8491","metadata":{},"numero":6,"complemento":"","ano":2026,"data":"2026-01-26","interessado":"Geraldo Ant\u00f4nio ferreira, vereador","dias_prazo":null,"data_fim_prazo":null,"tramitacao":false,"assunto":"Presta\u00e7\u00e3o de contas Verba Indenizat\u00f3ria do vereador Geraldo referente ao m\u00eas de janeiro de 2026.","numero_externo":null,"observacao":"","texto_integral":"http://sapl.juina.mt.leg.br/media/sapl/private/documentoadministrativo/8491/06_geraldo.pdf","restrito":false,"ip":"24.152.30.95","ultima_edicao":"2026-01-26T13:00:52.104298-03:00","tipo":14,"protocolo":12535,"autor":4,"user":37,"anexados":[],"materiasvinculadas":[]}