{"id":8520,"__str__":"REQD. N\u00ba 009/2026 - Requerimento de Di\u00e1ria ","link_detail_backend":"/docadm/8520","metadata":{},"numero":9,"complemento":"","ano":2026,"data":"2026-01-30","interessado":"Ronicleiton - vereador","dias_prazo":3,"data_fim_prazo":"2026-02-06","tramitacao":false,"assunto":"Requer libera\u00e7\u00e3o de 3 di\u00e1rias para deslocamento urbano, alimenta\u00e7\u00e3o e estadia em Cuiab\u00e1 MT no per\u00edodo de 03 a 6 de fevereiro de 2026 aonde cumprira a seguinte agenda:\r\n\u2022\tCumprir agenda de interessecoletivo da cidade de Ju\u00edna:\r\n\u2022\tAssembleia Legislativa : Deputado Estadual Dr. Jo\u00e3o \u2013 solicitar destina\u00e7\u00e3o  emenda parlamentar  para custeio da sa\u00fade    valor de R$ 300.000,00;\r\n\u2022\tAgenda com deputada Janaina Riva :  solicitar destina\u00e7\u00e3o de emenda parlamentar para custeio da sa\u00fade ( Aten\u00e7\u00e3o B\u00e1sica);\r\n\u2022\tSecretaria de Estado de Agricultura Familiar \u2013 tratar sobre destina\u00e7\u00e3o de equipamentos e emplementos agricolas para fortalecimento da agricultura familiar;\r\n\u2022\tINTERMAT -regulariza\u00e7\u00e3o fundi\u00e1ria do Bairro Padre Du\u00edlio  , verificar encaminhamentos da a\u00e7\u00e3o que foi realizada em Ju\u00edna, com juntada de documento para emiss\u00e3o de titulo.","numero_externo":null,"observacao":"Sa\u00edda de Ju\u00edna dia 3 de  fevereiro as 19 horas\r\nRetorno a Ju\u00edna dia 06 de fevereiro as 21 horas","texto_integral":"http://sapl.juina.mt.leg.br/media/sapl/private/documentoadministrativo/8520/09.pdf","restrito":false,"ip":"24.152.30.95","ultima_edicao":"2026-01-30T14:16:13.880216-03:00","tipo":7,"protocolo":12580,"autor":51,"user":37,"anexados":[8521],"materiasvinculadas":[]}