{"id":8699,"__str__":"R-VI N\u00ba 018/2026 - Relat\u00f3rio Verba Indenizat\u00f3ria","link_detail_backend":"/docadm/8699","metadata":{},"numero":18,"complemento":"","ano":2026,"data":"2026-02-24","interessado":"Geraldo Ant\u00f4nio ferreira, vereador","dias_prazo":null,"data_fim_prazo":null,"tramitacao":false,"assunto":"Presta\u00e7\u00e3o de contas, Relat\u00f3rio de Verba Indenizat\u00f3ria do vereador Geraldo Ant\u00f4nio Ferreira referente ao m\u00eas de fevereiro de 2026.","numero_externo":null,"observacao":"","texto_integral":"http://sapl.juina.mt.leg.br/media/sapl/private/documentoadministrativo/8699/04_geraldo.pdf","restrito":false,"ip":"24.152.30.95","ultima_edicao":"2026-02-24T12:29:09.537635-03:00","tipo":14,"protocolo":12767,"autor":4,"user":37,"anexados":[],"materiasvinculadas":[]}