{"id":870,"__str__":"REQD. N\u00ba 094/2017 - Requerimento de Di\u00e1ria ","link_detail_backend":"/docadm/870","metadata":{},"numero":94,"complemento":"","ano":2017,"data":"2017-10-09","interessado":"vereador - Saulo Evangelista","dias_prazo":5,"data_fim_prazo":"2017-10-20","tramitacao":false,"assunto":"REQUER A MESA DIRETORA A LIBERA\u00c7\u00c3O 05 (CINCO ) DI\u00c1RIAS PARA CUSTEIO DE DESLOCAMENTO URBANO, HOSPEDAGEM E ALIMENTA\u00c7\u00c3O, NO PER\u00cdODO DE  15 DE OUTUBRO ( SA\u00cdDA DE JU\u00cdNA)   COM DESTINO A CUIAB\u00c1 /BRAS\u00cdLIA, PARA CUMPRIR AGENDA EM BRAS\u00cdLIA NO PER\u00cdODO 17 A 20 DO  M\u00caS DE OUTUBRO,  PARA CUMPRIR AGENDA CONFORME SEGUE:\r\n\r\n&#8226;\tDIA 17 DE OUTUBRO (TER\u00c7A-FEIRA), PARTICIPA\u00c7\u00c3O NA AUDI\u00caNCIA P\u00daBLICA QUE SER\u00c1 DEBATIDA PELA COMISS\u00c3O DE ASSUNTOS SOCIAIS DO SENADO FEDERAL &#8211; REQUERIMENTO PARA A REALIZA\u00c7\u00c3O DA REFERIDA AUDI\u00caNCIA FOI DE INICIATIVA DO SENADOR VALDIR RAUPP &#8211; AUTOR DO PROJETO DE LEI 227/2017 - REGULAMENTA\u00c7\u00c3O DO EMPREGO DA OZONIOTERAPIA COMO TRATAMENTO M\u00c9DICO DE CAR\u00c1TER COMPLEMENTAR;\r\n&#8226;\tDIA 18 DE OUTUBRO &#8211; NA QUARTA &#8211;FEIRA  NO SENADO FEDERAL, ACOMPANHAREI A VOTA\u00c7\u00c3O DO PROJETO DE LEI 227/2017 ( ANEXO);\r\n\r\n&#8226;\tVISITA AOS GABINETES DO DEPUTADOS FEDERAIS:  NILSON LEIT\u00c3O, CARLOS BEZERRA, S\u00c1GUAS MORAES, VICTORIO GALLI FILHO.\r\n\r\n&#8226;\tVISITA AOS SENADORES: JOSE ANTONIO DOS SANTOS MEDEIROS, WELLINGTON ANTONIO FAGUNDES, JOS\u00c9 APARECIDO DOS SANTO ( CIDINHO)\r\n","numero_externo":null,"observacao":"Sa\u00edda de Ju\u00edna para Cuiab\u00e1 :  dia 15/10/2017 (domingo) \u00e0s 20 horas\r\nSa\u00edda de Cuiab\u00e1 para Bras\u00edlia: dia 16/10/2017 ( segunda-feira) \r\nSa\u00edda de Bras\u00edlia para Cuiab\u00e1: dia 20/10/2017 &#8211; (sexta-feira)\r\nRetorno para Ju\u00edna  previsto para dia  20/10 ou 21/10 \r\n","texto_integral":"http://sapl.juina.mt.leg.br/media/sapl/private/documentoadministrativo/870/870_texto_integral.pdf","restrito":false,"ip":"","ultima_edicao":null,"tipo":7,"protocolo":null,"autor":null,"user":null,"anexados":[],"materiasvinculadas":[]}