{"id":8903,"__str__":"R-VI N\u00ba 032/2026 - Relat\u00f3rio Verba Indenizat\u00f3ria","link_detail_backend":"/docadm/8903","metadata":{},"numero":32,"complemento":"","ano":2026,"data":"2026-03-24","interessado":"Geraldo Ant\u00f4nio ferreira, vereador","dias_prazo":null,"data_fim_prazo":null,"tramitacao":false,"assunto":"Presta\u00e7\u00e3o de contas da Verba de Natureza Indenizat\u00f3ria do vereador Geraldinho","numero_externo":null,"observacao":"","texto_integral":"http://sapl.juina.mt.leg.br/media/sapl/private/documentoadministrativo/8903/06_geraldinho.pdf","restrito":false,"ip":"24.152.30.95","ultima_edicao":"2026-03-24T15:18:54.597032-03:00","tipo":14,"protocolo":12972,"autor":4,"user":34,"anexados":[],"materiasvinculadas":[]}