{"id":8905,"__str__":"R-VI N\u00ba 034/2026 - Relat\u00f3rio Verba Indenizat\u00f3ria","link_detail_backend":"/docadm/8905","metadata":{},"numero":34,"complemento":"","ano":2026,"data":"2026-03-24","interessado":"Ilson Sechi, Sassa - vereador","dias_prazo":null,"data_fim_prazo":null,"tramitacao":false,"assunto":"Presta\u00e7\u00e3o de contas da Verba de Natureza Indenizat\u00f3ria do vereador Ilson","numero_externo":null,"observacao":"","texto_integral":"http://sapl.juina.mt.leg.br/media/sapl/private/documentoadministrativo/8905/04_sassa.pdf","restrito":false,"ip":"24.152.30.95","ultima_edicao":"2026-03-24T15:17:55.902980-03:00","tipo":14,"protocolo":12975,"autor":57,"user":34,"anexados":[],"materiasvinculadas":[]}