{"id":940,"__str__":"REQD. N\u00ba 003/2018 - Requerimento de Di\u00e1ria ","link_detail_backend":"/docadm/940","metadata":{},"numero":3,"complemento":"","ano":2018,"data":"2018-02-09","interessado":"vereador - Aelcio Moreira de Oliveira","dias_prazo":2,"data_fim_prazo":"2018-02-08","tramitacao":false,"assunto":"REQUER A MESA DIRETORA A LIBERA\u00c7\u00c3O 02 (DUAS) DI\u00c1RIAS PARA CUSTEIO DE DESLOCAMENTO, HOSPEDAGEM E ALIMENTA\u00c7\u00c3O EM CUIAB\u00c1 NO PER\u00cdODO DE 06 A 08 DE FEVEREIRO DE 2018  PARA CUMPRIR AGENDA CONFORME SEGUE:\r\n\r\nOBJETIVO E JUSTIFICATIVA DA VIAGEM VISITAS E REUNI\u00d5ES:\r\nITINER\u00c1RIO:\r\n&#8226;\tASSEMBLEIA LEGISLATIVA - GABINETES DOS DEPUTADOS: ALAN KARDEC E SEBASTI\u00c3O REZENDE;\r\n&#8226;\tINTERMAT\r\n&#8226;\tAG\u00caNCIA REGIONAL DA VIVO &#8211; REPRESENTAR RECLAMA\u00c7\u00d5ES DE  USU\u00c1RIOS DA OPERADORA VIVO\r\n","numero_externo":null,"observacao":"","texto_integral":"http://sapl.juina.mt.leg.br/media/sapl/private/documentoadministrativo/940/940_texto_integral.pdf","restrito":false,"ip":"","ultima_edicao":null,"tipo":7,"protocolo":null,"autor":null,"user":null,"anexados":[],"materiasvinculadas":[]}